{"id":20102,"date":"2024-11-20T19:22:25","date_gmt":"2024-11-20T19:22:25","guid":{"rendered":"https:\/\/inclusione.unicampania.it\/?p=20102"},"modified":"2025-10-26T13:16:44","modified_gmt":"2025-10-26T13:16:44","slug":"l-universo-tra-le-dita-voci-a-confronto-per-una-societa-piu-accogliente-ed-inclusiva","status":"publish","type":"post","link":"https:\/\/inclusione.unicampania.it\/index.php\/2024\/11\/20\/l-universo-tra-le-dita-voci-a-confronto-per-una-societa-piu-accogliente-ed-inclusiva\/","title":{"rendered":"L&#8217; Universo tra le dita. Voci a confronto per una societ\u00e0 pi\u00f9 accogliente ed inclusiva"},"content":{"rendered":"<p>Marted\u00ec 19 novembre 2024, alle ore 9.30, presso la Sala Crispino della Biblioteca del Dipartimento di Giurisprudenza a Palazzo Melzi, Via Mazzocchi, n. 68, Santa Maria Capua Vetere CE), ha avuto luogo l'incontro con il Dott. <strong>MICHELE MELE<\/strong>, matematico e scrittore non vedente.<a href=\"https:\/\/inclusione.unicampania.it\/wp-content\/uploads\/2025\/06\/locandina-19112024.pdf\" rel=\"noopener\"><img loading=\"lazy\" decoding=\"async\" class=\"alignright wp-image-20117 size-medium\" src=\"https:\/\/inclusione.unicampania.it\/wp-content\/uploads\/2025\/06\/locandina-19112024-213x300.png\" alt=\"\" width=\"213\" height=\"300\" srcset=\"https:\/\/inclusione.unicampania.it\/wp-content\/uploads\/2025\/06\/locandina-19112024-213x300.png 213w, https:\/\/inclusione.unicampania.it\/wp-content\/uploads\/2025\/06\/locandina-19112024-727x1024.png 727w, https:\/\/inclusione.unicampania.it\/wp-content\/uploads\/2025\/06\/locandina-19112024-768x1082.png 768w, https:\/\/inclusione.unicampania.it\/wp-content\/uploads\/2025\/06\/locandina-19112024.png 800w\" sizes=\"(max-width: 213px) 100vw, 213px\" \/><\/a><br \/>\nAll'evento hanno partecipato:<\/p>\n<ul>\n<li><strong>RAFFAELE PICARO<\/strong>, Direttore del Dipartimento di Giurisprudenza Universit\u00e0 della Campania Luigi Vanvitelli<\/li>\n<li><strong>VASCO D'AGNESE<\/strong>, Delegato del Rettore per la disabilit\u00e0 e i DSA Universit\u00e0 della Campania Luigi Vanvitelli<\/li>\n<li><strong>MARIA FRATTOLILLO<\/strong>, Responsabile Biblioteca del Dipartimento di Giurisprudenza Universit\u00e0 della Campania Luigi Vanvitelli<\/li>\n<li><strong>CARMEN Dl CARLUCCIO<\/strong>, Referente per l'Inclusione, la Disabilit\u00e0 e i DSA del Dipartimento di Giurisprudenza Universit\u00e0 della Campania Luigi Vanvitelli<\/li>\n<\/ul>\n<p>&nbsp;<\/p>\n<p style=\"text-align: left;\"><a href=\"https:\/\/inclusione.unicampania.it\/wp-content\/uploads\/2025\/06\/locandina-19112024.pdf\" target=\"_blank\" rel=\"noopener\">Scarica la locandina dell'evento in formato PDF<\/a><\/p>\n<p style=\"text-align: left;\"><a href=\"https:\/\/photos.app.goo.gl\/zVpHcwTCLQPGoBLC9\" target=\"_blank\" rel=\"noopener\">Guarda le foto dell'evento su Google Photo<\/a><\/p>\n<p style=\"text-align: left;\"><a href=\"https:\/\/youtu.be\/IbG8R3kwads\" target=\"_blank\" rel=\"noopener\">Guarda il video dell'evento su Youtube<\/a><\/p>\n<p>&nbsp;<\/p>\n<p><em>L'iniziativa \u00e8 promossa nell'ambito del Progetto \"Biblioteche 4.0: oltre le barriere\" finanziato con fondi PNRR - Missione I - Digitalizzazione, innovazione, competitivit\u00e0 e cultura Componente 3 - Cultura 4.0 (Ml C3-3) Misura I - Patrimonio culturale per la prossima generazione. Investimento 1.2 - Rimozione delle barriere fisiche e cognitive in musei, biblioteche e archivi per consentire un pi\u00f9 ampio accesso e partecipazione alla cultura finanziato dall'Unione europea - NextGenerationEU.<\/em><\/p>\n","protected":false},"excerpt":{"rendered":"<p>Marted\u00ec 19 novembre 2024, alle ore 9.30, presso la Sala Crispino della Biblioteca del Dipartimento di Giurisprudenza a Palazzo Melzi, Via Mazzocchi, n. 68, Santa Maria Capua Vetere CE), ha avuto luogo l'incontro con il Dott. MICHELE MELE, matematico e scrittore non vedente. All'evento hanno partecipato: RAFFAELE PICARO, Direttore del Dipartimento di Giurisprudenza Universit\u00e0 della <a href=\"https:\/\/inclusione.unicampania.it\/index.php\/2024\/11\/20\/l-universo-tra-le-dita-voci-a-confronto-per-una-societa-piu-accogliente-ed-inclusiva\/\" class=\"more-link\">...continua a leggere<span class=\"screen-reader-text\"> \"L&#8217; Universo tra le dita. Voci a confronto per una societ\u00e0 pi\u00f9 accogliente ed inclusiva\"<\/span><\/a><\/p>\n","protected":false},"author":1,"featured_media":0,"comment_status":"closed","ping_status":"closed","sticky":false,"template":"","format":"standard","meta":{"footnotes":""},"categories":[1],"tags":[],"class_list":{"0":"post-20102","1":"post","2":"type-post","3":"status-publish","4":"format-standard","6":"category-uncategorized","7":"h-entry","8":"hentry","9":"h-as-article"},"_links":{"self":[{"href":"https:\/\/inclusione.unicampania.it\/index.php\/wp-json\/wp\/v2\/posts\/20102"}],"collection":[{"href":"https:\/\/inclusione.unicampania.it\/index.php\/wp-json\/wp\/v2\/posts"}],"about":[{"href":"https:\/\/inclusione.unicampania.it\/index.php\/wp-json\/wp\/v2\/types\/post"}],"author":[{"embeddable":true,"href":"https:\/\/inclusione.unicampania.it\/index.php\/wp-json\/wp\/v2\/users\/1"}],"replies":[{"embeddable":true,"href":"https:\/\/inclusione.unicampania.it\/index.php\/wp-json\/wp\/v2\/comments?post=20102"}],"version-history":[{"count":15,"href":"https:\/\/inclusione.unicampania.it\/index.php\/wp-json\/wp\/v2\/posts\/20102\/revisions"}],"predecessor-version":[{"id":20121,"href":"https:\/\/inclusione.unicampania.it\/index.php\/wp-json\/wp\/v2\/posts\/20102\/revisions\/20121"}],"wp:attachment":[{"href":"https:\/\/inclusione.unicampania.it\/index.php\/wp-json\/wp\/v2\/media?parent=20102"}],"wp:term":[{"taxonomy":"category","embeddable":true,"href":"https:\/\/inclusione.unicampania.it\/index.php\/wp-json\/wp\/v2\/categories?post=20102"},{"taxonomy":"post_tag","embeddable":true,"href":"https:\/\/inclusione.unicampania.it\/index.php\/wp-json\/wp\/v2\/tags?post=20102"}],"curies":[{"name":"wp","href":"https:\/\/api.w.org\/{rel}","templated":true}]}}