{"id":20072,"date":"2025-04-29T10:42:08","date_gmt":"2025-04-29T10:42:08","guid":{"rendered":"https:\/\/inclusione.unicampania.it\/?p=20072"},"modified":"2025-04-29T11:36:47","modified_gmt":"2025-04-29T11:36:47","slug":"superabili-nello-sport-28042025","status":"publish","type":"post","link":"https:\/\/inclusione.unicampania.it\/index.php\/2025\/04\/29\/superabili-nello-sport-28042025\/","title":{"rendered":"SuperAbili nello sport"},"content":{"rendered":"<p><a href=\"https:\/\/inclusione.unicampania.it\/wp-content\/uploads\/2025\/04\/Locandina-SuperAbili-nello-sport-28042025.pdf\"><img loading=\"lazy\" decoding=\"async\" class=\"alignright wp-image-20075\" src=\"https:\/\/inclusione.unicampania.it\/wp-content\/uploads\/2025\/04\/Locandina-SuperAbili-nello-sport-28042025-737x1024.jpg\" alt=\"Locandina dell'incontro\" width=\"432\" height=\"600\" srcset=\"https:\/\/inclusione.unicampania.it\/wp-content\/uploads\/2025\/04\/Locandina-SuperAbili-nello-sport-28042025-737x1024.jpg 737w, https:\/\/inclusione.unicampania.it\/wp-content\/uploads\/2025\/04\/Locandina-SuperAbili-nello-sport-28042025-216x300.jpg 216w, https:\/\/inclusione.unicampania.it\/wp-content\/uploads\/2025\/04\/Locandina-SuperAbili-nello-sport-28042025-768x1067.jpg 768w, https:\/\/inclusione.unicampania.it\/wp-content\/uploads\/2025\/04\/Locandina-SuperAbili-nello-sport-28042025-960x1334.jpg 960w, https:\/\/inclusione.unicampania.it\/wp-content\/uploads\/2025\/04\/Locandina-SuperAbili-nello-sport-28042025.jpg 1080w\" sizes=\"(max-width: 432px) 100vw, 432px\" \/><\/a><\/p>\n<p>S\u00ec \u00e8 tenuto, luned\u00ec 28 aprile 2025 presso l'Aula Magna del Rettorato di Viale Ellittico a Caserta, l'incontro conclusivo del Progetto <strong>SuperAbili nello sport<\/strong>.<\/p>\n<p>Dopo i saluti delle autorit\u00e0 presenti, sono intervenuti:<\/p>\n<p><strong>Avv. Vincenzo Corcione<\/strong>, <span style=\"font-size: 1rem;\">Presidente del CUS Caserta<\/span><\/p>\n<p><strong>Prof.ssa Katherine Esposito<\/strong>, Delegata del Rettore allo sport<\/p>\n<p><strong>Prof. Vasco d'Agnese<\/strong>, Delegato del Rettore alla disabilit\u00e0<\/p>\n<p><strong>Prof.ssa Lucia Monaco<\/strong>, Delegata del Rettore alla terza missione<\/p>\n<p><strong>Prof.ssa Marianna Pignata<\/strong>, Delegata del Rettore alle pari opportunit\u00e0<\/p>\n<p><strong>Prof.ssa Carmen Di Carluccio<\/strong>, Referente per I 'inclusione, disabilit\u00e0 e DSA, Dipartimento di Giurisprudenza<\/p>\n<p><strong>Studenti protagonisti del progetto<\/strong><\/p>\n<p><a href=\"https:\/\/photos.app.goo.gl\/hGaVRc1meu9TJT5X8\" target=\"_blank\" rel=\"noopener\">Guarda le foto<\/a><\/p>\n<p>&nbsp;<\/p>\n","protected":false},"excerpt":{"rendered":"<p>S\u00ec \u00e8 tenuto, luned\u00ec 28 aprile 2025 presso l'Aula Magna del Rettorato di Viale Ellittico a Caserta, l'incontro conclusivo del Progetto SuperAbili nello sport. Dopo i saluti delle autorit\u00e0 presenti, sono intervenuti: Avv. Vincenzo Corcione, Presidente del CUS Caserta Prof.ssa Katherine Esposito, Delegata del Rettore allo sport Prof. Vasco d'Agnese, Delegato del Rettore alla disabilit\u00e0 <a href=\"https:\/\/inclusione.unicampania.it\/index.php\/2025\/04\/29\/superabili-nello-sport-28042025\/\" class=\"more-link\">...continua a leggere<span class=\"screen-reader-text\"> \"SuperAbili nello sport\"<\/span><\/a><\/p>\n","protected":false},"author":1,"featured_media":0,"comment_status":"closed","ping_status":"closed","sticky":false,"template":"","format":"standard","meta":{"footnotes":""},"categories":[1],"tags":[],"class_list":{"0":"post-20072","1":"post","2":"type-post","3":"status-publish","4":"format-standard","6":"category-uncategorized","7":"h-entry","8":"hentry","9":"h-as-article"},"_links":{"self":[{"href":"https:\/\/inclusione.unicampania.it\/index.php\/wp-json\/wp\/v2\/posts\/20072"}],"collection":[{"href":"https:\/\/inclusione.unicampania.it\/index.php\/wp-json\/wp\/v2\/posts"}],"about":[{"href":"https:\/\/inclusione.unicampania.it\/index.php\/wp-json\/wp\/v2\/types\/post"}],"author":[{"embeddable":true,"href":"https:\/\/inclusione.unicampania.it\/index.php\/wp-json\/wp\/v2\/users\/1"}],"replies":[{"embeddable":true,"href":"https:\/\/inclusione.unicampania.it\/index.php\/wp-json\/wp\/v2\/comments?post=20072"}],"version-history":[{"count":11,"href":"https:\/\/inclusione.unicampania.it\/index.php\/wp-json\/wp\/v2\/posts\/20072\/revisions"}],"predecessor-version":[{"id":20086,"href":"https:\/\/inclusione.unicampania.it\/index.php\/wp-json\/wp\/v2\/posts\/20072\/revisions\/20086"}],"wp:attachment":[{"href":"https:\/\/inclusione.unicampania.it\/index.php\/wp-json\/wp\/v2\/media?parent=20072"}],"wp:term":[{"taxonomy":"category","embeddable":true,"href":"https:\/\/inclusione.unicampania.it\/index.php\/wp-json\/wp\/v2\/categories?post=20072"},{"taxonomy":"post_tag","embeddable":true,"href":"https:\/\/inclusione.unicampania.it\/index.php\/wp-json\/wp\/v2\/tags?post=20072"}],"curies":[{"name":"wp","href":"https:\/\/api.w.org\/{rel}","templated":true}]}}